{"id":585,"date":"2015-10-09T11:38:53","date_gmt":"2015-10-09T10:38:53","guid":{"rendered":"https:\/\/apps.atilf.fr\/reseaultf\/?p=585"},"modified":"2018-03-26T15:38:32","modified_gmt":"2018-03-26T14:38:32","slug":"numero-zero","status":"publish","type":"post","link":"https:\/\/reseaultf.atilf.fr\/?p=585","title":{"rendered":"Num\u00e9ro Z\u00e9ro (2015)"},"content":{"rendered":"<p style=\"text-align: center;\">La revue du r\u00e9seau <em>Langage, Travail et Formation.<\/em><\/p>\n<p>Introduction :\u00a0<strong>La revue <em>Langage, Travail et Formation<\/em>\u00a0: un num\u00e9ro <em>Z\u00e9ro<\/em>\u2026 pour quoi faire ?<\/strong><br \/>\nAdami H., Andr\u00e9 V., Ciekanski M.<br \/>\n<a href=\"https:\/\/reseaultf.atilf.fr\/wp-content\/uploads\/2015\/10\/Introduction-Num\u00e9ro-Z\u00e9ro.pdf\" class=\"mtli_attachment mtli_pdf\">T\u00e9l\u00e9charger l&rsquo;article<\/a><\/p>\n<p><strong>Penser le lien entre langage, travail et didactique des langues\u00a0: <\/strong><strong>mod\u00e9lisations, fa\u00e7ons de voir, fa\u00e7ons de faire.<\/strong><br \/>\nMourlhon-Dallies F.<br \/>\n<a href=\"https:\/\/reseaultf.atilf.fr\/wp-content\/uploads\/2015\/10\/FMD.pdf\" class=\"mtli_attachment mtli_pdf\">T\u00e9l\u00e9charger l&rsquo;article<\/a><\/p>\n<p><strong>Langage, travail et formation\u00a0: <\/strong><strong>Complexit\u00e9 d\u2019une \u00ab\u00a0int\u00e9gration par la langue\u00a0\u00bb des \u00e9trangers dans une Suisse plurilingue<\/strong><br \/>\nVeillette J.<br \/>\n<a href=\"https:\/\/reseaultf.atilf.fr\/wp-content\/uploads\/2015\/10\/Veillette-Josianne.pdf\" class=\"mtli_attachment mtli_pdf\">T\u00e9l\u00e9charger l&rsquo;article<\/a><\/p>\n<p><strong>Approche socio-anthropologique de la litteratie au travail<\/strong><br \/>\nLachaud M.-H.<br \/>\n<a href=\"https:\/\/reseaultf.atilf.fr\/wp-content\/uploads\/2015\/10\/Lachaud-MH.pdf\" class=\"mtli_attachment mtli_pdf\">T\u00e9l\u00e9charger l&rsquo;article<\/a><\/p>\n<p><strong>Des travailleurs immigr\u00e9s aux migrants\u00a0: une translation sociologique, politique et \u00e9pist\u00e9mologique.<\/strong><br \/>\nAdami H.<br \/>\n<a href=\"https:\/\/reseaultf.atilf.fr\/wp-content\/uploads\/2015\/10\/Herve-Adami-Zero.pdf\" class=\"mtli_attachment mtli_pdf\">T\u00e9l\u00e9charger l&rsquo;article<\/a><\/p>\n<p><strong>Analyser les pratiques de formation linguistique <\/strong><strong>mises en \u0153uvre dans les formations professionnelles\u00a0:\u00a0<\/strong><strong>quelle didactique du fran\u00e7ais pour articuler ma\u00eetrise de la langue, <\/strong><strong>habilet\u00e9s litt\u00e9ratiques et comp\u00e9tences professionnelles\u00a0?<\/strong><br \/>\nGuernier M.-C., Sautot J.-P., Lachaud M.-H.<br \/>\n<a href=\"https:\/\/reseaultf.atilf.fr\/wp-content\/uploads\/2015\/10\/Graffic-Zero.pdf\" class=\"mtli_attachment mtli_pdf\">T\u00e9l\u00e9charger l&rsquo;article<\/a><\/p>\n<p><strong>La part langagi\u00e8re dans la recherche d&#8217;emploi : les interactions des locuteurs en\u00a0ins\u00e9curit\u00e9 langagi\u00e8re<\/strong><br \/>\nLangbach V.<br \/>\n<a href=\"https:\/\/reseaultf.atilf.fr\/wp-content\/uploads\/2015\/10\/Valerie-Langbach-Zero.pdf\" class=\"mtli_attachment mtli_pdf\">T\u00e9l\u00e9charger l&rsquo;article<\/a><\/p>\n<p><strong>Sociolinguistique des interactions verbales\u00a0: de l\u2019analyse des situations de travail aux implications sociales<\/strong><br \/>\nAndr\u00e9 V.<br \/>\n<a href=\"https:\/\/reseaultf.atilf.fr\/wp-content\/uploads\/2015\/10\/Virgine-Andre.pdf\" class=\"mtli_attachment mtli_pdf\">T\u00e9l\u00e9charger l&rsquo;article<\/a><\/p>\n<p>&nbsp;<\/p>\n","protected":false},"excerpt":{"rendered":"<p>La revue du r\u00e9seau Langage, Travail et Formation. Introduction :\u00a0La revue Langage, Travail et Formation\u00a0: un num\u00e9ro Z\u00e9ro\u2026 pour quoi faire ? Adami H., Andr\u00e9 V., Ciekanski M. T\u00e9l\u00e9charger l&rsquo;article Penser le lien entre langage, travail et didactique des langues\u00a0: &hellip; <a href=\"https:\/\/reseaultf.atilf.fr\/?p=585\">Continuer la lecture <span class=\"meta-nav\">&rarr;<\/span><\/a><\/p>\n","protected":false},"author":2,"featured_media":0,"comment_status":"closed","ping_status":"open","sticky":false,"template":"","format":"standard","meta":{"footnotes":""},"categories":[26,17],"tags":[],"class_list":["post-585","post","type-post","status-publish","format-standard","hentry","category-articles","category-revue-en-ligne"],"_links":{"self":[{"href":"https:\/\/reseaultf.atilf.fr\/index.php?rest_route=\/wp\/v2\/posts\/585","targetHints":{"allow":["GET"]}}],"collection":[{"href":"https:\/\/reseaultf.atilf.fr\/index.php?rest_route=\/wp\/v2\/posts"}],"about":[{"href":"https:\/\/reseaultf.atilf.fr\/index.php?rest_route=\/wp\/v2\/types\/post"}],"author":[{"embeddable":true,"href":"https:\/\/reseaultf.atilf.fr\/index.php?rest_route=\/wp\/v2\/users\/2"}],"replies":[{"embeddable":true,"href":"https:\/\/reseaultf.atilf.fr\/index.php?rest_route=%2Fwp%2Fv2%2Fcomments&post=585"}],"version-history":[{"count":30,"href":"https:\/\/reseaultf.atilf.fr\/index.php?rest_route=\/wp\/v2\/posts\/585\/revisions"}],"predecessor-version":[{"id":755,"href":"https:\/\/reseaultf.atilf.fr\/index.php?rest_route=\/wp\/v2\/posts\/585\/revisions\/755"}],"wp:attachment":[{"href":"https:\/\/reseaultf.atilf.fr\/index.php?rest_route=%2Fwp%2Fv2%2Fmedia&parent=585"}],"wp:term":[{"taxonomy":"category","embeddable":true,"href":"https:\/\/reseaultf.atilf.fr\/index.php?rest_route=%2Fwp%2Fv2%2Fcategories&post=585"},{"taxonomy":"post_tag","embeddable":true,"href":"https:\/\/reseaultf.atilf.fr\/index.php?rest_route=%2Fwp%2Fv2%2Ftags&post=585"}],"curies":[{"name":"wp","href":"https:\/\/api.w.org\/{rel}","templated":true}]}}