{"id":560,"date":"2015-08-27T16:55:25","date_gmt":"2015-08-27T15:55:25","guid":{"rendered":"https:\/\/apps.atilf.fr\/reseaultf\/?p=560"},"modified":"2019-11-06T17:25:27","modified_gmt":"2019-11-06T16:25:27","slug":"vient-de-paraitre-de-lideologie-monolingue-a-la-doxa-plurilingue-regards-pluridisciplinaires","status":"publish","type":"post","link":"https:\/\/reseaultf.atilf.fr\/?p=560","title":{"rendered":"Parution &#8211; De l&rsquo;id\u00e9ologie monolingue \u00e0 la doxa plurilingue : regards pluridisciplinaires"},"content":{"rendered":"<p><strong>Adami H. et Andr\u00e9 V. (Eds). 2015.<\/strong><\/p>\n<p>Bern : Peter Lang, Collection Transversales, volume 41.<\/p>\n<p><span style=\"color: #3366ff;\"><a style=\"color: #3366ff;\" href=\"https:\/\/www.peterlang.com\/view\/product\/46037\" target=\"_blank\" rel=\"noopener noreferrer\">Pour en savoir plus.<\/a><\/span><\/p>\n<p><a href=\"https:\/\/reseaultf.atilf.fr\/wp-content\/uploads\/2015\/08\/Ouvrage-Adami-Andre-Peter-Lang.pdf\" class=\"mtli_attachment mtli_pdf\" target=\"_blank\" rel=\"noopener noreferrer\">Pr\u00e9sentation de l&rsquo;ouvrage.<\/a><\/p>\n<p><a href=\"https:\/\/reseaultf.atilf.fr\/wp-content\/uploads\/2015\/08\/Table-Matieres-Adami-Andre.pdf\" class=\"mtli_attachment mtli_pdf\" target=\"_blank\" rel=\"noopener noreferrer\">Table des mati\u00e8res<\/a><\/p>\n","protected":false},"excerpt":{"rendered":"<p>Adami H. et Andr\u00e9 V. (Eds). 2015. Bern : Peter Lang, Collection Transversales, volume 41. Pour en savoir plus. Pr\u00e9sentation de l&rsquo;ouvrage. Table des mati\u00e8res<\/p>\n","protected":false},"author":2,"featured_media":0,"comment_status":"closed","ping_status":"open","sticky":false,"template":"","format":"standard","meta":{"footnotes":""},"categories":[],"tags":[],"class_list":["post-560","post","type-post","status-publish","format-standard","hentry"],"_links":{"self":[{"href":"https:\/\/reseaultf.atilf.fr\/index.php?rest_route=\/wp\/v2\/posts\/560","targetHints":{"allow":["GET"]}}],"collection":[{"href":"https:\/\/reseaultf.atilf.fr\/index.php?rest_route=\/wp\/v2\/posts"}],"about":[{"href":"https:\/\/reseaultf.atilf.fr\/index.php?rest_route=\/wp\/v2\/types\/post"}],"author":[{"embeddable":true,"href":"https:\/\/reseaultf.atilf.fr\/index.php?rest_route=\/wp\/v2\/users\/2"}],"replies":[{"embeddable":true,"href":"https:\/\/reseaultf.atilf.fr\/index.php?rest_route=%2Fwp%2Fv2%2Fcomments&post=560"}],"version-history":[{"count":11,"href":"https:\/\/reseaultf.atilf.fr\/index.php?rest_route=\/wp\/v2\/posts\/560\/revisions"}],"predecessor-version":[{"id":1078,"href":"https:\/\/reseaultf.atilf.fr\/index.php?rest_route=\/wp\/v2\/posts\/560\/revisions\/1078"}],"wp:attachment":[{"href":"https:\/\/reseaultf.atilf.fr\/index.php?rest_route=%2Fwp%2Fv2%2Fmedia&parent=560"}],"wp:term":[{"taxonomy":"category","embeddable":true,"href":"https:\/\/reseaultf.atilf.fr\/index.php?rest_route=%2Fwp%2Fv2%2Fcategories&post=560"},{"taxonomy":"post_tag","embeddable":true,"href":"https:\/\/reseaultf.atilf.fr\/index.php?rest_route=%2Fwp%2Fv2%2Ftags&post=560"}],"curies":[{"name":"wp","href":"https:\/\/api.w.org\/{rel}","templated":true}]}}